{"id":131520,"date":"2026-07-10T11:40:40","date_gmt":"2026-07-10T11:40:40","guid":{"rendered":"https:\/\/www.mymsd.ch\/de\/?p=131520"},"modified":"2026-07-10T11:40:49","modified_gmt":"2026-07-10T11:40:49","slug":"mammografie-screening-im-kanton-luzern-was-arztinnen-jetzt-wissen-sollten","status":"publish","type":"post","link":"https:\/\/www.mymsd.ch\/de\/news\/mammografie-screening-im-kanton-luzern-was-arztinnen-jetzt-wissen-sollten\/","title":{"rendered":"Mammografie-Screening im Kanton Luzern: Was \u00c4rzt:innen jetzt wissen sollten"},"content":{"rendered":"\n<p dir=\"ltr\" lang=\"en-US\" class=\"has-border-color has-has-red-border-color-border-color   mhh-mcn-v1-paragraph mhh-mcn-v1-paragraph--ca0b4676b215182cc9de7fa89900c700\">Luzern schliesst eine Versorgungsl\u00fccke: Im Juli 2026 startet ein organisiertes Mammografie-Screeningprogramm f\u00fcr Frauen von 50\u201374 Jahren. Was Sie wissen sollten.<\/p>\n\n\n\n<div style=\"height:24px\" aria-hidden=\"true\" class=\"wp-block-spacer\"><\/div>\n\n\n<figure class=\"mhh-mcn-v1-image mhh-mcn-v1-image--9f6511b4c945685b70246bf643d8e55e\">\n                    <img loading=\"lazy\" decoding=\"async\"\n        class=\"mhh-mcn-image mhh-mcn-image--full wp-image-131521\"\n        src=\"https:\/\/www.mymsd.ch\/de\/wp-content\/uploads\/sites\/13\/2026\/07\/Mammografie.jpg?quality=80&#038;lossy=1\"\n        width=\"2000\"\n        height=\"1125\"\n                alt=\"Mammographie zur Brustkrebsfr\u00fcherkennung: \u00c4rztin analysiert die Mammographieaufnahmen auf dem Monitor, w\u00e4hrend die Patientin untersucht wird.\"\n            \/>\n            <\/figure>\n\n\n\n<div style=\"height:60px\" aria-hidden=\"true\" class=\"wp-block-spacer\"><\/div>\n\n\n<div class=\"mhh-mcn-columns mhh-mcn-v1-columns--9aea4ee36142276adf1e0eb85eba6683 mhh-mcn-v1-columns mhh-mcn-columns--gutter-m\">\n    <div class=\"mhh-mcn-columns-inner\">\n        \n<div class=\"mhh-mcn-v1-column mhh-mcn-v1-column--0174df0090a96c07789f969ed7793ec7 mhh-mcn-column mhh-mcn-column--12 mhh-mcn-column--m-12 mhh-mcn-column--l-12\">\n    \n\n<h4 class=\"wp-block-heading has-border-color has-has-red-border-color-border-color has-teal-500-color has-text-color has-object-object-font-size  mhh-mcn-v1-heading mhh-mcn-v1-heading--7879a49cebb7346ad4727ddaa20b6df7\"><strong><strong><strong><strong><strong>Kanton Luzern nimmt Vorreiterrolle in der Zentralschweiz ein<\/strong><\/strong><\/strong><\/strong><\/strong><\/h4>\n\n\n\n<p dir=\"ltr\" lang=\"en-US\" class=\"has-border-color has-has-red-border-color-border-color   mhh-mcn-v1-paragraph mhh-mcn-v1-paragraph--e7e2d7fb30882bca1aaf5dc9f449fbc4\">W\u00e4hrend viele Kantone seit Jahrzehnten organisierte Mammografie-Screeningprogramme f\u00fcr Brustkrebs anbieten, fehlte dieses Angebot bis anhin in der gesamten Zentralschweiz. Luzern \u00e4ndert das als erster Kanton der Region: Ab Juli 2026 erhalten alle im Kanton wohnhaften Frauen zwischen 50 und 74 Jahren alle zwei Jahre eine pers\u00f6nliche Einladung zur Mammografie. Die Teilnahme ist freiwillig und die Kosten sind \u2013 anders als bei einer Mammografie ausserhalb eines organisierten Programms \u2013 von der Grundversicherung gedeckt und franchisebefreit. Es bleibt ein Selbstbehalt von 10 Prozent, was etwa 15 Franken entspricht.<\/p>\n\n<\/div>\n\n    <\/div>\n\n    <\/div>\n\n\n\n<div style=\"height:60px\" aria-hidden=\"true\" class=\"wp-block-spacer\"><\/div>\n\n\n<div class=\"mhh-mcn-columns mhh-mcn-v1-columns--6f331003304ea595cd8925de9f3eed73 mhh-mcn-v1-columns mhh-mcn-columns--gutter-m\">\n    <div class=\"mhh-mcn-columns-inner\">\n        \n<div class=\"mhh-mcn-v1-column mhh-mcn-v1-column--c57e7e5eed1bcc3701519b6f4d7586f6 mhh-mcn-column mhh-mcn-column--12 mhh-mcn-column--m-12 mhh-mcn-column--l-12\">\n    \n\n<h2 class=\"wp-block-heading has-border-color has-has-red-border-color-border-color has-object-object-font-size  mhh-mcn-v1-heading mhh-mcn-v1-heading--6eefa6e9c4f91c87ff5e4255c8f6363c\">Brustkrebsfr\u00fcherkennung rettet Leben<\/h2>\n\n\n\n<p dir=\"ltr\" lang=\"en-US\" class=\"has-border-color has-has-red-border-color-border-color   mhh-mcn-v1-paragraph mhh-mcn-v1-paragraph--d6b437e1d163b9c97eb1534b4594da71\">J\u00e4hrlich erkranken in der Schweiz rund 6&#8217;800 Frauen neu an Brustkrebs \u2013 alle sechs Stunden stirbt eine Frau daran. Wird Brustkrebs fr\u00fch erkannt, sind die Heilungschancen h\u00f6her, die Therapien schonender und die Frauen kehren schneller in den Alltag zur\u00fcck. Die 5-Jahres-\u00dcberlebensrate betr\u00e4gt 89 Prozent \u2013 und steigt bei fr\u00fcher Diagnose deutlich.<\/p>\n\n\n\n<div style=\"height:40px\" aria-hidden=\"true\" class=\"wp-block-spacer\"><\/div>\n\n\n\n<h2 dir=\"ltr\" lang=\"en-US\" class=\"wp-block-heading has-border-color has-has-red-border-color-border-color has-object-object-font-size  mhh-mcn-v1-heading mhh-mcn-v1-heading--3f5ac701b87d48d09640f98e56ffbf6f\">Warum ein organisiertes Mammografie-Screeningprogramm?<\/h2>\n\n\n\n<ul class=\"mhh-mcn-v2-clist mhh-mcn-v2-clist--e449e0c1722fa8d1c5db5bb7a385e6ec mhh-mcn-list mhh-mcn-v2-clist--unordered mhh-mcn-v2-clist--unordered-dot\" dir=\"ltr\" lang=\"en-US\" start=\"1\">\n    \n<li class=\"mhh-mcn-list-item mhh-mcn-v2-list-item\">\n    <strong>Weniger Brustkrebstodesf\u00e4lle:<\/strong> Internationale Studien zeigen, dass Frauen, die regelm\u00e4ssig an Mammografie-Screeningprogrammen teilnehmen, ein um 20 bis 30 Prozent geringeres Risiko haben, an Brustkrebs zu sterben.    <\/li>\n\n\n<li class=\"mhh-mcn-list-item mhh-mcn-v2-list-item\">\n    <strong>Weniger aggressive Therapien:<\/strong> In Kantonen mit organisiertem Screening wird Brustkrebs signifikant h\u00e4ufiger in fr\u00fcheren Stadien erkannt \u2013 mit kleineren Tumoren und seltenem Lymphknotenbefall, was schonendere Therapien erm\u00f6glicht.    <\/li>\n\n\n<li class=\"mhh-mcn-list-item mhh-mcn-v2-list-item\">\n    <strong>Qualit\u00e4tsgesichert:<\/strong> Es gelten strenge Qualit\u00e4tskriterien, zu denen u.a. die Doppelbefundung durch zwei unabh\u00e4ngige Radiolog:innen z\u00e4hlt.    <\/li>\n\n\n<li class=\"mhh-mcn-list-item mhh-mcn-v2-list-item\">\n    <strong>Kosten\u00fcbernahme: <\/strong>Im Rahmen eines Mammografie-Screeningprogramms ist die Mammografie \u00fcber die obligatorische Krankenpflegeversicherung gedeckt und von der Franchise befreit. Es bleibt ein Selbstbehalt von 10 Prozent (ca. 15 Franken).    <\/li>\n\n<\/ul>\n\n\n\n<div style=\"height:40px\" aria-hidden=\"true\" class=\"wp-block-spacer\"><\/div>\n\n\n<div class=\"mhh-mcn-columns mhh-mcn-v1-columns--bb009d3994a4a6a2ed4fc1ddb839fec6 mhh-mcn-v1-columns mhh-mcn-columns--gutter-m\">\n    <div class=\"mhh-mcn-columns-inner\">\n        \n<div class=\"mhh-mcn-v1-column mhh-mcn-v1-column--851b007944766efafea6a74c76e8b414 mhh-mcn-column mhh-mcn-column--12 mhh-mcn-column--m-12 mhh-mcn-column--l-12\">\n    \n\n<h4 class=\"wp-block-heading has-border-color has-has-red-border-color-border-color has-object-object-font-size  mhh-mcn-v1-heading mhh-mcn-v1-heading--1864266b5849d4780943421109d1eae2\"><strong><strong><strong><strong><strong><strong>Ihre Empfehlung macht einen Unterschied<\/strong><\/strong><\/strong><\/strong><\/strong><\/strong><\/h4>\n\n\n\n<p dir=\"ltr\" lang=\"en-US\" class=\"has-border-color has-has-red-border-color-border-color   mhh-mcn-v1-paragraph mhh-mcn-v1-paragraph--38ea167d4f768b820a33c93b67b4aaab\">Die Teilnahme am neuen Brustkrebsvorsorgeprogramm ist freiwillig. Ihre Empfehlung kann den entscheidenden Anstoss zur Teilnahme geben.<\/p>\n\n<\/div>\n\n    <\/div>\n\n    <\/div>\n\n\n\n<div style=\"height:40px\" aria-hidden=\"true\" class=\"wp-block-spacer\"><\/div>\n\n\n\n<h2 dir=\"ltr\" lang=\"en-US\" class=\"wp-block-heading has-border-color has-has-red-border-color-border-color has-object-object-font-size  mhh-mcn-v1-heading mhh-mcn-v1-heading--1f4e636b9594ae48dd848842a19982e0\">Das Luzerner Brustkrebsvorsorgeprogramm auf einen Blick<\/h2>\n\n\n<figure class=\"wp-block-table mhh-mcn-v1-table mhh-mcn-v1-table--42c085292e8677fe095ddac82c166996\" lang=\"en-US\" dir=\"ltr\"><table class=\"has-fixed-layout\"><thead><tr><th><\/th><th><\/th><\/tr><\/thead><tbody><tr><td><strong>Programmstart<\/strong><\/td><td>Juli 2026<\/td><\/tr><tr><td><strong>Teilnahmeberechtigt<\/strong><\/td><td>Frauen von 50 bis 74 Jahren mit Wohnsitz im Kanton Luzern<\/td><\/tr><tr><td><strong>Einladung<\/strong><\/td><td>Pers\u00f6nliche Einladung alle zwei Jahre<\/td><\/tr><tr><td><strong>Teilnahme<\/strong><\/td><td>freiwillig<\/td><\/tr><tr><td><strong>Teilnehmende Radiologieinstitute<\/strong><\/td><td> &#8211; Hirslanden Klinik St. Anna, Luzern<br> &#8211; Luzerner Kantonsspital, Luzern<br> &#8211; Luzerner Kantonsspital, Sursee<br> &#8211; Luzerner Kantonsspital, Wolhusen<br> &#8211; Medizinisches Radiologie Zentrum MRZ, Luzern<\/td><\/tr><tr><td><strong>Vorteile<\/strong><\/td><td>&#8211; Einheitliche Qualit\u00e4tskriterien<br>&#8211; Doppelbefundung<br>&#8211; Definierte Follow-up-Prozesse bei positivem Befund<br>&#8211; Monitoring und Verbesserungsmassnahmen<br>&#8211; Ausgewogene Information \u00fcber Vor- und Nachteile<\/td><\/tr><tr><td><strong>Kosten\u00fcbernahme<\/strong><\/td><td>Grundversicherung, franchisebefreit<\/td><\/tr><tr><td><strong>Informationen zum Programm<\/strong><\/td><td><a href=\"https:\/\/brustkrebsvorsorge.lu.ch\" target=\"_blank\" rel=\"noreferrer noopener nofollow\">brustkrebsvorsorge.lu.ch<\/a><\/td><\/tr><\/tbody><tfoot><tr><td><\/td><td><\/td><\/tr><\/tfoot><\/table><\/figure>\n\n\n<div style=\"height:40px\" aria-hidden=\"true\" class=\"wp-block-spacer\"><\/div>\n\n\n\n<h2 dir=\"ltr\" lang=\"en-US\" class=\"wp-block-heading has-border-color has-has-red-border-color-border-color has-object-object-font-size  mhh-mcn-v1-heading mhh-mcn-v1-heading--e7ca6053c94751659cc2b8a2860ee712\">MSD engagiert sich f\u00fcr die Brustkrebsfr\u00fcherkennung<\/h2>\n\n\n\n<p dir=\"ltr\" lang=\"en-US\" class=\"has-border-color has-has-red-border-color-border-color   mhh-mcn-v1-paragraph mhh-mcn-v1-paragraph--3359e855e7902c5951bb1678f05384ab\">Seit 2022 engagiert sich MSD Schweiz mit der von ihr initiierten Aufkl\u00e4rungsinitiative PINK CUBE Test Your Breast \u2013 gemeinsam mit zahlreichen weiteren Partnern und Sponsoren f\u00fcr mehr Bewusstsein rund um Brustkrebs und f\u00fcr die St\u00e4rkung der Fr\u00fcherkennung. Der PINK CUBE bringt Brustaufkl\u00e4rung direkt zu den Menschen und tr\u00e4gt dazu bei, dass in der ganzen Schweiz fl\u00e4chendeckend Mammografie-Screeningprogramme eingef\u00fchrt werden.<\/p>\n\n\n\n<p dir=\"ltr\" lang=\"en-US\" class=\"has-border-color has-has-red-border-color-border-color   mhh-mcn-v1-paragraph mhh-mcn-v1-paragraph--f58dd6f5186e930246b80fb3fc579262\">Im August tourt der PINK CUBE durch Luzern und macht auf das neue Vorsorgeprogramm aufmerksam. Zum kostenlosen Angebot f\u00fcr die Bev\u00f6lkerung z\u00e4hlen: Informationen \u00fcber Brustkrebs, Pr\u00e4vention und Fr\u00fcherkennung, pers\u00f6nliche Beratungen durch Fachpersonen, Erkl\u00e4rung der Mammografie und der Teilnahme am Mammografie-Screening-Programm, Durchf\u00fchrung einer Tastuntersuchung der Brust durch Gyn\u00e4kologinnen \u2013 und vieles mehr.<\/p>\n\n\n<div class=\"mhh-mcn-columns mhh-mcn-columns--vertical-alignment-center mhh-mcn-v1-columns--97dd434d1c6c0bb2dce75e9bad16fad8 mhh-mcn-v1-columns mhh-mcn-columns--gutter-m\">\n    <div class=\"mhh-mcn-columns-inner\">\n        \n<div class=\"mhh-mcn-v1-column mhh-mcn-v1-column--da1c4830b7753b0d446d836dbbaf61d7 mhh-mcn-column mhh-mcn-column--12 mhh-mcn-column--m-12 mhh-mcn-column--l-12\">\n    \n\n<h4 dir=\"ltr\" lang=\"en-US\" class=\"wp-block-heading has-border-color has-has-red-border-color-border-color  mhh-mcn-v1-heading mhh-mcn-v1-heading--44f647a791604d7bf7912e0856559a50\"><strong>PINK CUBE Daten und Standorte<\/strong><\/h4>\n\n\n<div class=\"mhh-mcn-columns mhh-mcn-columns--vertical-alignment-center mhh-mcn-v1-columns--4f0b6bf8c2609e6379c00dbf916f71f4 mhh-mcn-v1-columns mhh-mcn-columns--gutter-custom\">\n    <div class=\"mhh-mcn-columns-inner\">\n        \n<div class=\"mhh-mcn-v1-column mhh-mcn-v1-column--6ba71d2f3a45c52dc9ac661ab4e1e665 mhh-mcn-column mhh-mcn-column--12 mhh-mcn-column--m-6 mhh-mcn-column--l-6\">\n    \n\n<ul class=\"mhh-mcn-v2-clist mhh-mcn-v2-clist--4a4b58b831f8854a072d6fc882857907 mhh-mcn-list mhh-mcn-v2-clist--unordered mhh-mcn-v2-clist--unordered-dot\" dir=\"ltr\" lang=\"en-US\" start=\"1\">\n    \n<li class=\"mhh-mcn-list-item mhh-mcn-v2-list-item\">\n    <strong>Hochdorf, Festplatz,<br><\/strong>Sonntag, 16. August 10:00 \u2013 17:00 Uhr    <\/li>\n\n\n<li class=\"mhh-mcn-list-item mhh-mcn-v2-list-item\">\n    <strong>Luzern, M\u00fchlenplatz<\/strong>,<br>Freitag 21. August, 11:00 \u2013 17:00 Uhr    <\/li>\n\n\n<li class=\"mhh-mcn-list-item mhh-mcn-v2-list-item\">\n    <strong>Sursee, Sursee-Park,<br><\/strong>Samstag, 22. August, 11:00 \u2013 17:00 Uhr    <\/li>\n\n\n<li class=\"mhh-mcn-list-item mhh-mcn-v2-list-item\">\n    <strong>Willisau, Vorplatz-Rathaus,<br><\/strong>Freitag, 28. August, 11:00 \u2013 17:00 Uhr    <\/li>\n\n<\/ul>\n\n<\/div>\n\n\n<div class=\"mhh-mcn-v1-column mhh-mcn-v1-column--c94fefa40417e9e5b9f88d17d3e901de mhh-mcn-column mhh-mcn-column--12 mhh-mcn-column--m-6 mhh-mcn-column--l-6\">\n    \n<figure class=\"mhh-mcn-v1-image mhh-mcn-v1-image--d99e48d81f6f8b4138ee3a1f8c1cb883\">\n                    <img decoding=\"async\"\n        class=\"mhh-mcn-image mhh-mcn-image--full wp-image-131559\"\n        src=\"https:\/\/www.mymsd.ch\/de\/wp-content\/uploads\/sites\/13\/2026\/07\/PinkCube_Luzern_2025.jpg?quality=80&#038;lossy=1\"\n        width=\"2000\"\n        height=\"1331\"\n        loading=\"lazy\"        alt=\"Pink Cube Roadshow 2025, Luzern\"\n            \/>\n            <\/figure>\n\n<\/div>\n\n    <\/div>\n\n    <\/div>\n\n<\/div>\n\n    <\/div>\n\n    <\/div>\n\n<\/div>\n\n    <\/div>\n\n    <\/div>\n\n\n\n<div style=\"height:40px\" aria-hidden=\"true\" class=\"wp-block-spacer\"><\/div>\n\n\n<div class=\"mhh-mcn-columns mhh-mcn-v1-columns--4cb665d72af97f4050369f3922e56cf8 mhh-mcn-v1-columns mhh-mcn-columns--gutter-m\">\n    <div class=\"mhh-mcn-columns-inner\">\n        \n<div class=\"mhh-mcn-v1-column mhh-mcn-v1-column--04eda8b24e5f9ea519baf6765ba0f9c2 mhh-mcn-column mhh-mcn-column--12 mhh-mcn-column--m-12 mhh-mcn-column--l-12\">\n    \n\n<h4 class=\"wp-block-heading has-border-color has-has-red-border-color-border-color has-teal-500-color has-text-color has-object-object-font-size  mhh-mcn-v1-heading mhh-mcn-v1-heading--132f617d97a785a48b51a4a54bd300a7\"><img loading=\"lazy\" decoding=\"async\" width=\"30\" height=\"31\" class=\"wp-image-116499\" style=\"width: 30px\" src=\"https:\/\/www.mymsd.ch\/de\/wp-content\/uploads\/sites\/13\/2024\/10\/writing-icon.png\" alt=\"writing-icon\"><mark class=\"has-inline-color has-gray-100-color\">__<\/mark><strong><strong><strong>FAZIT<\/strong><\/strong><\/strong><\/h4>\n\n\n\n<hr class=\"wp-block-separator has-text-color has-alpha-channel-opacity has-background\" style=\"background-color:#add5d2;color:#add5d2\" \/>\n\n\n\n<div style=\"height:16px\" aria-hidden=\"true\" class=\"wp-block-spacer\"><\/div>\n\n\n\n<p dir=\"ltr\" lang=\"en-US\" class=\"has-border-color has-has-red-border-color-border-color has-object-object-font-size   mhh-mcn-v1-paragraph mhh-mcn-v1-paragraph--9b04489ddb0e8ead41cd0bdaa3990114\">Luzern schliesst mit dem Start des Brustkrebsvorsorgeprogramms eine langj\u00e4hrige Versorgungsl\u00fccke. Die Evidenz ist klar, der Zugang ist einfach und die Kosten werden bis auf einen kleinen Selbstbehalt \u00fcbernommen. Empfehlen Sie Ihren Patientinnen zwischen 50 und 74 Jahren die Teilnahme \u2013 und sprechen Sie bei erh\u00f6htem Risikoprofil das Thema individuelle Fr\u00fcherkennungsstrategie aktiv an.<\/p>\n\n\n\n<p dir=\"ltr\" lang=\"en-US\" class=\"has-border-color has-has-red-border-color-border-color has-object-object-font-size   mhh-mcn-v1-paragraph mhh-mcn-v1-paragraph--d8f28a2e5200913c52ee98fb9fc9a91f\">Weitere Informationen: <a href=\"https:\/\/brustkrebsvorsorge.lu.ch\" target=\"_blank\" rel=\"noreferrer noopener nofollow\">brustkrebsvorsorge.lu.ch<\/a><\/p>\n\n<\/div>\n\n    <\/div>\n\n    <\/div>\n\n\n\n<div style=\"height:80px\" aria-hidden=\"true\" class=\"wp-block-spacer\"><\/div>\n\n\n<div class=\"mhh-mcn-columns mhh-mcn-v1-columns--e3c2e93fccc9d0098f9a531ce8688777 mhh-mcn-v1-columns mhh-mcn-columns--gutter-m\">\n    <div class=\"mhh-mcn-columns-inner\">\n        \n<div class=\"mhh-mcn-v1-column mhh-mcn-v1-column--c21ecc174576ca3d6537b2df0a8c3a95 mhh-mcn-column mhh-mcn-column--12 mhh-mcn-column--m-12 mhh-mcn-column--l-12\">\n    \n<div class=\"mhh-mcn-columns mhh-mcn-v1-columns--5d0ea3ef371434749c5676d3a98bde1d mhh-mcn-v1-columns mhh-mcn-columns--gutter-m\">\n    <div class=\"mhh-mcn-columns-inner\">\n        \n<div class=\"mhh-mcn-v1-column mhh-mcn-v1-column--19291911c40364cbfb13e7b0b6bee7c9 mhh-mcn-column mhh-mcn-column--12 mhh-mcn-column--m-12 mhh-mcn-column--l-12\">\n    \n\n<h4 class=\"wp-block-heading has-border-color has-has-red-border-color-border-color has-object-object-font-size  mhh-mcn-v1-heading mhh-mcn-v1-heading--ca1f03455f746e8c829f7a1be2476029\"><strong>Ihr Zugang zu Fachwissen, Medikamenten, Impfstoffen und Services von MSD<\/strong><\/h4>\n\n\n\n<p dir=\"ltr\" lang=\"en-US\" class=\"has-border-color has-has-red-border-color-border-color   mhh-mcn-v1-paragraph mhh-mcn-v1-paragraph--718189761b6f45f50b60734db88a6414\">Profitieren Sie von aktuellen Informationen und massgeschneiderten Angeboten f\u00fcr Sie und Ihre Patienten im MSD Fachkreiseportal.<\/p>\n\n\n\n<div style=\"height:24px\" aria-hidden=\"true\" class=\"wp-block-spacer\"><\/div>\n\n\n<div class=\"mhh-mcn-v1-links mhh-mcn-v1-links--e06aef0e105993585ad9070af7ea423a\">\n    <a class=\"mhh-mcn-v1-link mhh-mcn-v1-link--0463f418578f38f85f8b4c2d6a8dc4a6 mhh-mcn-v1-link--is-variation mhh-mcn-v1-link--button-primary\" href=\"https:\/\/www.mymsd.ch\/de\/login\" target=\"_self\" aria-label=\"Login via SwissRX\">\n                    <span class=\"mhh-mcn-v1-link__label\">Login <\/span>\n                <\/a>\n\n\n\n    <a class=\"mhh-mcn-v1-link mhh-mcn-v1-link--187e1afb1202a86911abb592648cecd3 mhh-mcn-v1-link--is-variation mhh-mcn-v1-link--button-custom\" href=\"https:\/\/www.mymsd.ch\/de\/register\" target=\"_self\" aria-label=\"Register here\">\n                    <span class=\"mhh-mcn-v1-link__label\">Registrieren<\/span>\n                <\/a><\/div>\n\n<\/div>\n\n    <\/div>\n\n    <\/div>\n\n\n\n<div style=\"height:80px\" aria-hidden=\"true\" class=\"wp-block-spacer\"><\/div>\n\n\n\n<hr class=\"wp-block-separator has-text-color has-gray-300-color has-alpha-channel-opacity has-gray-300-background-color has-background\" \/>\n\n\n\n<div style=\"height:60px\" aria-hidden=\"true\" class=\"wp-block-spacer\"><\/div>\n\n\n<div class=\"mhh-mcn-columns mhh-mcn-v1-columns--82b7d2c6af5be721b8ea3093ab895dff mhh-mcn-v1-columns mhh-mcn-columns--gutter-m\">\n    <div class=\"mhh-mcn-columns-inner\">\n        \n<div class=\"mhh-mcn-v1-column mhh-mcn-v1-column--4688c47b17d83a3c0b373022d531c451 mhh-mcn-column mhh-mcn-column--12 mhh-mcn-column--m-12 mhh-mcn-column--l-12\">\n    \n\n<h5 class=\"wp-block-heading has-border-color has-has-red-border-color-border-color has-object-object-font-size  mhh-mcn-v1-heading mhh-mcn-v1-heading--e7ee44c613bc417da6b1d2833780c430\">Weitere Themen, die Sie interessieren k\u00f6nnten<\/h5>\n\n\n\n<p dir=\"ltr\" lang=\"en-US\" class=\"has-border-color has-has-red-border-color-border-color   mhh-mcn-v1-paragraph mhh-mcn-v1-paragraph--5c35173499fcad9f1e8ef1bf33eb0130\">Bei uns finden Sie Aktuelles und Spannendes. Wir m\u00f6chten Sie informieren und inspirieren.&nbsp;Sehen Sie sich um.<\/p>\n\n\n<div class=\"mhh-mcn-v1-content-items mhh-mcn-v1-content-items--cc2a2abb7c38fa1cb9677f894c5ee226 wp-block-mconnect-theme-curated-content mhh-mcn-layout--columns mhh-mcn-columns mhh-mcn-v1-columns--45b4d74a3c472d3bfd99f24b86d16ec9 mhh-mcn-v1-columns mhh-mcn-columns--gutter-m\" dir=\"ltr\" lang=\"en-US\">\n    <div class=\"mhh-mcn-columns-inner\">\n        <div\n    class=\"mhh-mcn-column mhh-mcn-column--12 mhh-mcn-column--m-6 mhh-mcn-column--l-4 mhh-mcn-v1-content-item mhh-mcn-v1-content-item--a3b09beb816f1b5e32f01c0b0aff063e mhh-mcn-v1-content-item--type-post mhh-mcn-v1-content-item--display-media-style mhh-mcn-v1-content-item--has-featured-image\" dir=\"ltr\" lang=\"en-US\">\n    <div class=\"mhh-mcn-v1-content-item-featured-image\">\n    <figure class=\"mhh-mcn-v1-image mhh-mcn-v1-image--ac6890ee3c6123e53191a6ec88ef975c with-aspect-ratio with-aspect-ratio--content-grid\">\n    <div class=\"figure-outer\">\n    <div class=\"figure-inner\">\n                            <img decoding=\"async\"\n        class=\"mhh-mcn-image mhh-mcn-image--2048x2048 wp-image-130348\"\n        src=\"https:\/\/www.mymsd.ch\/de\/wp-content\/uploads\/sites\/13\/2026\/04\/40-klinische-Studien_-Einblick-in-das-Forschungsprogramm-von-MSD-Schweiz-preview.jpg?w=1185&#038;quality=80&#038;lossy=1\"\n        width=\"1185\"\n        height=\"915\"\n        loading=\"lazy\"        alt=\"\u00c4rztin im Gespr\u00e4ch mit einem \u00e4lteren Patienten in einer Praxis; sie h\u00f6rt aufmerksam zu und erkl\u00e4rt etwas.\"\n            \/>\n                <\/div>\n    <\/div>\n    <\/figure>\n<\/div>\n\n<article class=\"mhh-mcn-v1-content-item-content\">\n    <section class=\"mhh-mcn-v1-content-item-content-body\">\n                <header class=\"mhh-mcn-v1-content-item-header\">\n    \n    <span class=\"mhh-mcn-v1-content-item-icon-type mhh-mcn-v1-content-item-icon-type--post\">\n    <span class=\"mhh-mcn-v1-content-item-icon-type__icon\">\n    \n<svg width=\"1em\" height=\"1em\" class=\"mh-icon mh-icon--kind-generic mh-icon--name-arrow-right mh-icon--arrow-right\" role=\"img\" aria-hidden=\"true\">\n    \n    \n    <use xlink:href=\"https:\/\/www.mymsd.ch\/de\/wp-content\/themes\/cex-wpvip-mhh-mconnect-theme-new-3.0\/modules\/icons\/resources\/icons\/svg\/generic\/arrow-right.svg#arrow-right\"><\/use>\n<\/svg>\n    <\/span>\n    <\/span>\n    <h2 class=\"mhh-mcn-v1-content-item-title mhh-mcn-v1-content-item-title--c06ec76831703497d2b89abb588910eb\">\n    \n    <a class=\"mhh-mcn-v1-content-item-title__link\" href=\"https:\/\/www.mymsd.ch\/de\/news\/40-klinische-studien-einblick-in-das-forschungsprogramm-von-msd-schweiz\/\" target=\"_self\">\n        39 klinische Studien: Einblick in das Forschungsprogramm von MSD Schweiz    <\/a>\n    <\/h2>\n\n    <\/header>\n\n        <p class=\"mhh-mcn-v1-content-item-excerpt mhh-mcn-v1-content-item-excerpt--c06ec76831703497d2b89abb588910eb\">\n    Jedes Jahr koordiniert MSD Schweiz rund 40 klinische Studien \u2013 aktuell in den Bereichen Onkologie sowie HIV, pulmonale Hypertonie und Immunologie. Zum \u00dcberblick.<\/p>\n            <\/section>\n    <div class=\"mhh-mcn-v1-content-item-footer\">\n    \n    \n    <\/div>\n<\/article>\n<\/div>\n<div\n    class=\"mhh-mcn-column mhh-mcn-column--12 mhh-mcn-column--m-6 mhh-mcn-column--l-4 mhh-mcn-v1-content-item mhh-mcn-v1-content-item--b12e1aafeb76ffaf6493fe1918ce253d mhh-mcn-v1-content-item--type-post mhh-mcn-v1-content-item--display-media-style mhh-mcn-v1-content-item--has-featured-image\" dir=\"ltr\" lang=\"en-US\">\n    <div class=\"mhh-mcn-v1-content-item-featured-image\">\n    <figure class=\"mhh-mcn-v1-image mhh-mcn-v1-image--aa97ccd6d3b726eff9628bd44350629a with-aspect-ratio with-aspect-ratio--content-grid\">\n    <div class=\"figure-outer\">\n    <div class=\"figure-inner\">\n                            <img decoding=\"async\"\n        class=\"mhh-mcn-image mhh-mcn-image--2048x2048 wp-image-131521\"\n        src=\"https:\/\/www.mymsd.ch\/de\/wp-content\/uploads\/sites\/13\/2026\/07\/Mammografie.jpg?w=2000&#038;quality=80&#038;lossy=1\"\n        width=\"2000\"\n        height=\"1125\"\n        loading=\"lazy\"        alt=\"Mammographie zur Brustkrebsfr\u00fcherkennung: \u00c4rztin analysiert die Mammographieaufnahmen auf dem Monitor, w\u00e4hrend die Patientin untersucht wird.\"\n            \/>\n                <\/div>\n    <\/div>\n    <\/figure>\n<\/div>\n\n<article class=\"mhh-mcn-v1-content-item-content\">\n    <section class=\"mhh-mcn-v1-content-item-content-body\">\n                <header class=\"mhh-mcn-v1-content-item-header\">\n    \n    <span class=\"mhh-mcn-v1-content-item-icon-type mhh-mcn-v1-content-item-icon-type--post\">\n    <span class=\"mhh-mcn-v1-content-item-icon-type__icon\">\n    \n<svg width=\"1em\" height=\"1em\" class=\"mh-icon mh-icon--kind-generic mh-icon--name-arrow-right mh-icon--arrow-right\" role=\"img\" aria-hidden=\"true\">\n    \n    \n    <use xlink:href=\"https:\/\/www.mymsd.ch\/de\/wp-content\/themes\/cex-wpvip-mhh-mconnect-theme-new-3.0\/modules\/icons\/resources\/icons\/svg\/generic\/arrow-right.svg#arrow-right\"><\/use>\n<\/svg>\n    <\/span>\n    <\/span>\n    <h2 class=\"mhh-mcn-v1-content-item-title mhh-mcn-v1-content-item-title--c06ec76831703497d2b89abb588910eb\">\n    \n    <a class=\"mhh-mcn-v1-content-item-title__link\" href=\"https:\/\/www.mymsd.ch\/de\/news\/mammografie-screening-im-kanton-luzern-was-arztinnen-jetzt-wissen-sollten\/\" target=\"_self\">\n        Mammografie-Screening im Kanton Luzern: Was \u00c4rzt:innen jetzt wissen sollten    <\/a>\n    <\/h2>\n\n    <\/header>\n\n        <p class=\"mhh-mcn-v1-content-item-excerpt mhh-mcn-v1-content-item-excerpt--c06ec76831703497d2b89abb588910eb\">\n    Luzern schliesst eine Versorgungsl\u00fccke: Im Juli 2026 startet ein organisiertes Mammografie-Screeningprogramm f\u00fcr Frauen von 50\u201374 Jahren. Was Sie wissen sollten.<\/p>\n            <\/section>\n    <div class=\"mhh-mcn-v1-content-item-footer\">\n    \n    \n    <\/div>\n<\/article>\n<\/div>\n<div\n    class=\"mhh-mcn-column mhh-mcn-column--12 mhh-mcn-column--m-6 mhh-mcn-column--l-4 mhh-mcn-v1-content-item mhh-mcn-v1-content-item--9f4f26efee58418d44b3d2370f50f420 mhh-mcn-v1-content-item--type-post mhh-mcn-v1-content-item--display-media-style mhh-mcn-v1-content-item--has-featured-image\" dir=\"ltr\" lang=\"en-US\">\n    <div class=\"mhh-mcn-v1-content-item-featured-image\">\n    <figure class=\"mhh-mcn-v1-image mhh-mcn-v1-image--4d3827e40cd4b11e0a55c75288063e71 with-aspect-ratio with-aspect-ratio--content-grid\">\n    <div class=\"figure-outer\">\n    <div class=\"figure-inner\">\n                            <img decoding=\"async\"\n        class=\"mhh-mcn-image mhh-mcn-image--2048x2048 wp-image-130844\"\n        src=\"https:\/\/www.mymsd.ch\/de\/wp-content\/uploads\/sites\/13\/2026\/05\/Nachhaltigkeit-bei-MSD-Schweiz_-Wie-wir-Verantwortung-ubernehmen-preview.jpg?w=1185&#038;quality=80&#038;lossy=1\"\n        width=\"1185\"\n        height=\"915\"\n        loading=\"lazy\"        alt=\"Nachhaltigkeit-bei-MSD-Schweiz_-Wie-wir-Verantwortung-u\u0308bernehmen---preview\"\n            \/>\n                <\/div>\n    <\/div>\n    <\/figure>\n<\/div>\n\n<article class=\"mhh-mcn-v1-content-item-content\">\n    <section class=\"mhh-mcn-v1-content-item-content-body\">\n                <header class=\"mhh-mcn-v1-content-item-header\">\n    \n    <span class=\"mhh-mcn-v1-content-item-icon-type mhh-mcn-v1-content-item-icon-type--post\">\n    <span class=\"mhh-mcn-v1-content-item-icon-type__icon\">\n    \n<svg width=\"1em\" height=\"1em\" class=\"mh-icon mh-icon--kind-generic mh-icon--name-arrow-right mh-icon--arrow-right\" role=\"img\" aria-hidden=\"true\">\n    \n    \n    <use xlink:href=\"https:\/\/www.mymsd.ch\/de\/wp-content\/themes\/cex-wpvip-mhh-mconnect-theme-new-3.0\/modules\/icons\/resources\/icons\/svg\/generic\/arrow-right.svg#arrow-right\"><\/use>\n<\/svg>\n    <\/span>\n    <\/span>\n    <h2 class=\"mhh-mcn-v1-content-item-title mhh-mcn-v1-content-item-title--c06ec76831703497d2b89abb588910eb\">\n    \n    <a class=\"mhh-mcn-v1-content-item-title__link\" href=\"https:\/\/www.mymsd.ch\/de\/news\/nachhaltigkeit-bei-msd-schweiz-wie-wir-verantwortung-ubernehmen\/\" target=\"_self\">\n        Nachhaltigkeit bei MSD Schweiz: Wie wir Verantwortung \u00fcbernehmen    <\/a>\n    <\/h2>\n\n    <\/header>\n\n        <p class=\"mhh-mcn-v1-content-item-excerpt mhh-mcn-v1-content-item-excerpt--c06ec76831703497d2b89abb588910eb\">\n    Nachhaltigkeit ist bei MSD Schweiz kein Schlagwort, sondern Teil des t\u00e4glichen Handelns.<\/p>\n            <\/section>\n    <div class=\"mhh-mcn-v1-content-item-footer\">\n    \n    \n    <\/div>\n<\/article>\n<\/div>\n    <\/div>\n\n    <\/div>\n\n<\/div>\n\n    <\/div>\n\n    <\/div>\n\n<\/div>\n\n    <\/div>\n\n    <\/div>\n","protected":false},"excerpt":{"rendered":"<p>Luzern schliesst eine Versorgungsl\u00fccke: Im Juli 2026 startet ein organisiertes Mammografie-Screeningprogramm f\u00fcr Frauen von 50\u201374 Jahren. Was Sie wissen sollten.<\/p>\n","protected":false},"author":202221,"featured_media":131521,"comment_status":"closed","ping_status":"closed","sticky":false,"template":"","format":"standard","meta":{"_mhh_sticky_footer_settings":{"entityId":0},"_mhh_sticky_footer_posts":"","_mhh_sticky_footer_expanded":false,"_mhh_mcn_text_direction":"ltr","_mhh_mcn_language":"en_US","_mhh_mcn_left_sidebar_settings":{"entityId":121469},"_mhh_mcn_sidebar_settings":{"entityId":0},"mhh_mcn_side_navigation_style":{"fontSize":{"l":"","m":"","s":""},"lineHeight":{"l":1.5,"m":1.5,"s":1.5},"itemColor":"","hoverItemColor":"","currentItemColor":"","borderItemColor":"","backgroundItemHoverColor":"","themeColor":""},"_mhh_mcn_child_page_navigation":{"isActive":true,"isSticky":true},"hide_header":false,"show_top_bar":false,"hide_footer":false,"full_width_layout":false,"icon":null,"job_code":"","hide_featured_image":true,"primary_tag":0,"editor_notices":[],"mconnectHideShareThis":false,"footnotes":"","sidebar_toogle":0,"sidebar_toogle_notification_warning":true,"sidebar_toogle_notification_alert":true,"content_expiration_sidebar_date":"","content_expiration_sidebar_expired_post_status":"","content_expiration_sidebar_redirection":""},"categories":[1899],"tags":[],"ga4_page_audience":[],"ga4_page_birn_id":[],"ga4_page_branding":[991],"ga4_page_businessunit":[992],"ga4_page_campaign":[],"ga4_page_content_purpose":[],"ga4_page_customer_journey_stage":[],"ga4_page_customer_specialty":[],"ga4_page_experience":[],"ga4_page_indication":[],"ga4_page_material_intent":[1209],"ga4_page_product":[],"ga4_page_region":[1563],"ga4_page_therapeuticarea":[],"tx-therapeutic-area":[],"tx-product":[],"tx-pathology":[],"tx-content-type":[1900],"tx-active-ingredient":[],"access":[],"user_status":[],"user_role":[],"class_list":["post-131520","post","type-post","status-publish","format-standard","has-post-thumbnail","hentry","category-news"],"yoast_head":"<!-- This site is optimized with the Yoast SEO plugin v28.2 - https:\/\/yoast.com\/product\/yoast-seo-wordpress\/ -->\n<title>Mammografie-Screening im Kanton Luzern. Was \u00c4rzt:innen jetzt wissen sollten<\/title>\n<meta name=\"description\" content=\"Im Juli 2026 startet ein organisiertes Mammografie-Screeningprogramm f\u00fcr Frauen von 50\u201374 Jahren. Was \u00c4rzt:innen jetzt wissen sollten.\" \/>\n<meta name=\"robots\" content=\"index, follow, max-snippet:-1, max-image-preview:large, max-video-preview:-1\" \/>\n<link rel=\"canonical\" href=\"https:\/\/www.mymsd.ch\/de\/news\/mammografie-screening-im-kanton-luzern-was-arztinnen-jetzt-wissen-sollten\/\" \/>\n<meta property=\"og:locale\" content=\"de_DE\" \/>\n<meta property=\"og:type\" content=\"article\" \/>\n<meta property=\"og:title\" content=\"Mammografie-Screening im Kanton Luzern. Was \u00c4rzt:innen jetzt wissen sollten\" \/>\n<meta property=\"og:description\" content=\"Im Juli 2026 startet ein organisiertes Mammografie-Screeningprogramm f\u00fcr Frauen von 50\u201374 Jahren. Was \u00c4rzt:innen jetzt wissen sollten.\" \/>\n<meta property=\"og:url\" content=\"https:\/\/www.mymsd.ch\/de\/news\/mammografie-screening-im-kanton-luzern-was-arztinnen-jetzt-wissen-sollten\/\" \/>\n<meta property=\"og:site_name\" content=\"MyMSD.ch DE\" \/>\n<meta property=\"article:published_time\" content=\"2026-07-10T11:40:40+00:00\" \/>\n<meta property=\"article:modified_time\" content=\"2026-07-10T11:40:49+00:00\" \/>\n<meta property=\"og:image\" content=\"https:\/\/www.mymsd.ch\/de\/wp-content\/uploads\/sites\/13\/2026\/07\/Mammografie.jpg\" \/>\n\t<meta property=\"og:image:width\" content=\"2000\" \/>\n\t<meta property=\"og:image:height\" content=\"1125\" \/>\n\t<meta property=\"og:image:type\" content=\"image\/jpeg\" \/>\n<meta name=\"author\" content=\"MDM\" \/>\n<meta name=\"twitter:card\" content=\"summary_large_image\" \/>\n<meta name=\"twitter:label1\" content=\"Geschrieben von\" \/>\n\t<meta name=\"twitter:data1\" content=\"MDM\" \/>\n\t<meta name=\"twitter:label2\" content=\"Gesch\u00e4tzte Lesezeit\" \/>\n\t<meta name=\"twitter:data2\" content=\"3 minutes\" \/>\n<script type=\"application\/ld+json\" class=\"yoast-schema-graph\">{\"@context\":\"https:\\\/\\\/schema.org\",\"@graph\":[{\"@type\":\"Article\",\"@id\":\"https:\\\/\\\/www.mymsd.ch\\\/de\\\/news\\\/mammografie-screening-im-kanton-luzern-was-arztinnen-jetzt-wissen-sollten\\\/#article\",\"isPartOf\":{\"@id\":\"https:\\\/\\\/www.mymsd.ch\\\/de\\\/news\\\/mammografie-screening-im-kanton-luzern-was-arztinnen-jetzt-wissen-sollten\\\/\"},\"author\":{\"name\":\"MDM\",\"@id\":\"https:\\\/\\\/www.mymsd.ch\\\/de\\\/#\\\/schema\\\/person\\\/5582d9c89a597dff94818e6008b86ab7\"},\"headline\":\"Mammografie-Screening im Kanton Luzern: Was \u00c4rzt:innen jetzt wissen sollten\",\"datePublished\":\"2026-07-10T11:40:40+00:00\",\"dateModified\":\"2026-07-10T11:40:49+00:00\",\"mainEntityOfPage\":{\"@id\":\"https:\\\/\\\/www.mymsd.ch\\\/de\\\/news\\\/mammografie-screening-im-kanton-luzern-was-arztinnen-jetzt-wissen-sollten\\\/\"},\"wordCount\":483,\"publisher\":{\"@id\":\"https:\\\/\\\/www.mymsd.ch\\\/de\\\/#organization\"},\"image\":{\"@id\":\"https:\\\/\\\/www.mymsd.ch\\\/de\\\/news\\\/mammografie-screening-im-kanton-luzern-was-arztinnen-jetzt-wissen-sollten\\\/#primaryimage\"},\"thumbnailUrl\":\"https:\\\/\\\/www.mymsd.ch\\\/de\\\/wp-content\\\/uploads\\\/sites\\\/13\\\/2026\\\/07\\\/Mammografie.jpg\",\"articleSection\":[\"News\"],\"inLanguage\":\"de-CH\"},{\"@type\":\"WebPage\",\"@id\":\"https:\\\/\\\/www.mymsd.ch\\\/de\\\/news\\\/mammografie-screening-im-kanton-luzern-was-arztinnen-jetzt-wissen-sollten\\\/\",\"url\":\"https:\\\/\\\/www.mymsd.ch\\\/de\\\/news\\\/mammografie-screening-im-kanton-luzern-was-arztinnen-jetzt-wissen-sollten\\\/\",\"name\":\"Mammografie-Screening im Kanton Luzern. Was \u00c4rzt:innen jetzt wissen sollten\",\"isPartOf\":{\"@id\":\"https:\\\/\\\/www.mymsd.ch\\\/de\\\/#website\"},\"primaryImageOfPage\":{\"@id\":\"https:\\\/\\\/www.mymsd.ch\\\/de\\\/news\\\/mammografie-screening-im-kanton-luzern-was-arztinnen-jetzt-wissen-sollten\\\/#primaryimage\"},\"image\":{\"@id\":\"https:\\\/\\\/www.mymsd.ch\\\/de\\\/news\\\/mammografie-screening-im-kanton-luzern-was-arztinnen-jetzt-wissen-sollten\\\/#primaryimage\"},\"thumbnailUrl\":\"https:\\\/\\\/www.mymsd.ch\\\/de\\\/wp-content\\\/uploads\\\/sites\\\/13\\\/2026\\\/07\\\/Mammografie.jpg\",\"datePublished\":\"2026-07-10T11:40:40+00:00\",\"dateModified\":\"2026-07-10T11:40:49+00:00\",\"description\":\"Im Juli 2026 startet ein organisiertes Mammografie-Screeningprogramm f\u00fcr Frauen von 50\u201374 Jahren. Was \u00c4rzt:innen jetzt wissen sollten.\",\"breadcrumb\":{\"@id\":\"https:\\\/\\\/www.mymsd.ch\\\/de\\\/news\\\/mammografie-screening-im-kanton-luzern-was-arztinnen-jetzt-wissen-sollten\\\/#breadcrumb\"},\"inLanguage\":\"de-CH\",\"potentialAction\":[{\"@type\":\"ReadAction\",\"target\":[\"https:\\\/\\\/www.mymsd.ch\\\/de\\\/news\\\/mammografie-screening-im-kanton-luzern-was-arztinnen-jetzt-wissen-sollten\\\/\"]}]},{\"@type\":\"ImageObject\",\"inLanguage\":\"de-CH\",\"@id\":\"https:\\\/\\\/www.mymsd.ch\\\/de\\\/news\\\/mammografie-screening-im-kanton-luzern-was-arztinnen-jetzt-wissen-sollten\\\/#primaryimage\",\"url\":\"https:\\\/\\\/www.mymsd.ch\\\/de\\\/wp-content\\\/uploads\\\/sites\\\/13\\\/2026\\\/07\\\/Mammografie.jpg\",\"contentUrl\":\"https:\\\/\\\/www.mymsd.ch\\\/de\\\/wp-content\\\/uploads\\\/sites\\\/13\\\/2026\\\/07\\\/Mammografie.jpg\",\"width\":2000,\"height\":1125,\"caption\":\"Mammographie zur Brustkrebsfr\u00fcherkennung: \u00c4rztin analysiert die Mammographieaufnahmen auf dem Monitor, w\u00e4hrend die Patientin untersucht wird.\"},{\"@type\":\"BreadcrumbList\",\"@id\":\"https:\\\/\\\/www.mymsd.ch\\\/de\\\/news\\\/mammografie-screening-im-kanton-luzern-was-arztinnen-jetzt-wissen-sollten\\\/#breadcrumb\",\"itemListElement\":[{\"@type\":\"ListItem\",\"position\":1,\"name\":\"Home\",\"item\":\"https:\\\/\\\/www.mymsd.ch\\\/de\\\/\"},{\"@type\":\"ListItem\",\"position\":2,\"name\":\"Mammografie-Screening im Kanton Luzern: Was \u00c4rzt:innen jetzt wissen sollten\"}]},{\"@type\":\"WebSite\",\"@id\":\"https:\\\/\\\/www.mymsd.ch\\\/de\\\/#website\",\"url\":\"https:\\\/\\\/www.mymsd.ch\\\/de\\\/\",\"name\":\"MyMSD.ch DE\",\"description\":\"\",\"publisher\":{\"@id\":\"https:\\\/\\\/www.mymsd.ch\\\/de\\\/#organization\"},\"potentialAction\":[{\"@type\":\"SearchAction\",\"target\":{\"@type\":\"EntryPoint\",\"urlTemplate\":\"https:\\\/\\\/www.mymsd.ch\\\/de\\\/?s={search_term_string}\"},\"query-input\":{\"@type\":\"PropertyValueSpecification\",\"valueRequired\":true,\"valueName\":\"search_term_string\"}}],\"inLanguage\":\"de-CH\"},{\"@type\":\"Organization\",\"@id\":\"https:\\\/\\\/www.mymsd.ch\\\/de\\\/#organization\",\"name\":\"MSD Switzerland\",\"url\":\"https:\\\/\\\/www.mymsd.ch\\\/de\\\/\",\"logo\":{\"@type\":\"ImageObject\",\"inLanguage\":\"de-CH\",\"@id\":\"https:\\\/\\\/www.mymsd.ch\\\/de\\\/#\\\/schema\\\/logo\\\/image\\\/\",\"url\":\"https:\\\/\\\/www.mymsd.ch\\\/de\\\/wp-content\\\/uploads\\\/sites\\\/13\\\/2022\\\/03\\\/02852_MSD_Logo_W-Anthem_Vertical_TealGrey_RGB.png\",\"contentUrl\":\"https:\\\/\\\/www.mymsd.ch\\\/de\\\/wp-content\\\/uploads\\\/sites\\\/13\\\/2022\\\/03\\\/02852_MSD_Logo_W-Anthem_Vertical_TealGrey_RGB.png\",\"width\":2186,\"height\":2134,\"caption\":\"MSD Switzerland\"},\"image\":{\"@id\":\"https:\\\/\\\/www.mymsd.ch\\\/de\\\/#\\\/schema\\\/logo\\\/image\\\/\"}},{\"@type\":\"Person\",\"@id\":\"https:\\\/\\\/www.mymsd.ch\\\/de\\\/#\\\/schema\\\/person\\\/5582d9c89a597dff94818e6008b86ab7\",\"name\":\"MDM\",\"image\":{\"@type\":\"ImageObject\",\"inLanguage\":\"de-CH\",\"@id\":\"https:\\\/\\\/secure.gravatar.com\\\/avatar\\\/44e333b8caf35634006075d37ca161c6c10595fef18dfb504ce1f84b93d105fe?s=96&d=mm&r=g\",\"url\":\"https:\\\/\\\/secure.gravatar.com\\\/avatar\\\/44e333b8caf35634006075d37ca161c6c10595fef18dfb504ce1f84b93d105fe?s=96&d=mm&r=g\",\"contentUrl\":\"https:\\\/\\\/secure.gravatar.com\\\/avatar\\\/44e333b8caf35634006075d37ca161c6c10595fef18dfb504ce1f84b93d105fe?s=96&d=mm&r=g\",\"caption\":\"MDM\"},\"url\":\"https:\\\/\\\/www.mymsd.ch\\\/de\\\/author\\\/mdalmolin1\\\/\"}]}<\/script>\n<!-- \/ Yoast SEO plugin. -->","yoast_head_json":{"title":"Mammografie-Screening im Kanton Luzern. Was \u00c4rzt:innen jetzt wissen sollten","description":"Im Juli 2026 startet ein organisiertes Mammografie-Screeningprogramm f\u00fcr Frauen von 50\u201374 Jahren. Was \u00c4rzt:innen jetzt wissen sollten.","robots":{"index":"index","follow":"follow","max-snippet":"max-snippet:-1","max-image-preview":"max-image-preview:large","max-video-preview":"max-video-preview:-1"},"canonical":"https:\/\/www.mymsd.ch\/de\/news\/mammografie-screening-im-kanton-luzern-was-arztinnen-jetzt-wissen-sollten\/","og_locale":"de_DE","og_type":"article","og_title":"Mammografie-Screening im Kanton Luzern. Was \u00c4rzt:innen jetzt wissen sollten","og_description":"Im Juli 2026 startet ein organisiertes Mammografie-Screeningprogramm f\u00fcr Frauen von 50\u201374 Jahren. Was \u00c4rzt:innen jetzt wissen sollten.","og_url":"https:\/\/www.mymsd.ch\/de\/news\/mammografie-screening-im-kanton-luzern-was-arztinnen-jetzt-wissen-sollten\/","og_site_name":"MyMSD.ch DE","article_published_time":"2026-07-10T11:40:40+00:00","article_modified_time":"2026-07-10T11:40:49+00:00","og_image":[{"width":2000,"height":1125,"url":"https:\/\/www.mymsd.ch\/de\/wp-content\/uploads\/sites\/13\/2026\/07\/Mammografie.jpg","type":"image\/jpeg"}],"author":"MDM","twitter_card":"summary_large_image","twitter_misc":{"Geschrieben von":"MDM","Gesch\u00e4tzte Lesezeit":"3 minutes"},"schema":{"@context":"https:\/\/schema.org","@graph":[{"@type":"Article","@id":"https:\/\/www.mymsd.ch\/de\/news\/mammografie-screening-im-kanton-luzern-was-arztinnen-jetzt-wissen-sollten\/#article","isPartOf":{"@id":"https:\/\/www.mymsd.ch\/de\/news\/mammografie-screening-im-kanton-luzern-was-arztinnen-jetzt-wissen-sollten\/"},"author":{"name":"MDM","@id":"https:\/\/www.mymsd.ch\/de\/#\/schema\/person\/5582d9c89a597dff94818e6008b86ab7"},"headline":"Mammografie-Screening im Kanton Luzern: Was \u00c4rzt:innen jetzt wissen sollten","datePublished":"2026-07-10T11:40:40+00:00","dateModified":"2026-07-10T11:40:49+00:00","mainEntityOfPage":{"@id":"https:\/\/www.mymsd.ch\/de\/news\/mammografie-screening-im-kanton-luzern-was-arztinnen-jetzt-wissen-sollten\/"},"wordCount":483,"publisher":{"@id":"https:\/\/www.mymsd.ch\/de\/#organization"},"image":{"@id":"https:\/\/www.mymsd.ch\/de\/news\/mammografie-screening-im-kanton-luzern-was-arztinnen-jetzt-wissen-sollten\/#primaryimage"},"thumbnailUrl":"https:\/\/www.mymsd.ch\/de\/wp-content\/uploads\/sites\/13\/2026\/07\/Mammografie.jpg","articleSection":["News"],"inLanguage":"de-CH"},{"@type":"WebPage","@id":"https:\/\/www.mymsd.ch\/de\/news\/mammografie-screening-im-kanton-luzern-was-arztinnen-jetzt-wissen-sollten\/","url":"https:\/\/www.mymsd.ch\/de\/news\/mammografie-screening-im-kanton-luzern-was-arztinnen-jetzt-wissen-sollten\/","name":"Mammografie-Screening im Kanton Luzern. Was \u00c4rzt:innen jetzt wissen sollten","isPartOf":{"@id":"https:\/\/www.mymsd.ch\/de\/#website"},"primaryImageOfPage":{"@id":"https:\/\/www.mymsd.ch\/de\/news\/mammografie-screening-im-kanton-luzern-was-arztinnen-jetzt-wissen-sollten\/#primaryimage"},"image":{"@id":"https:\/\/www.mymsd.ch\/de\/news\/mammografie-screening-im-kanton-luzern-was-arztinnen-jetzt-wissen-sollten\/#primaryimage"},"thumbnailUrl":"https:\/\/www.mymsd.ch\/de\/wp-content\/uploads\/sites\/13\/2026\/07\/Mammografie.jpg","datePublished":"2026-07-10T11:40:40+00:00","dateModified":"2026-07-10T11:40:49+00:00","description":"Im Juli 2026 startet ein organisiertes Mammografie-Screeningprogramm f\u00fcr Frauen von 50\u201374 Jahren. Was \u00c4rzt:innen jetzt wissen sollten.","breadcrumb":{"@id":"https:\/\/www.mymsd.ch\/de\/news\/mammografie-screening-im-kanton-luzern-was-arztinnen-jetzt-wissen-sollten\/#breadcrumb"},"inLanguage":"de-CH","potentialAction":[{"@type":"ReadAction","target":["https:\/\/www.mymsd.ch\/de\/news\/mammografie-screening-im-kanton-luzern-was-arztinnen-jetzt-wissen-sollten\/"]}]},{"@type":"ImageObject","inLanguage":"de-CH","@id":"https:\/\/www.mymsd.ch\/de\/news\/mammografie-screening-im-kanton-luzern-was-arztinnen-jetzt-wissen-sollten\/#primaryimage","url":"https:\/\/www.mymsd.ch\/de\/wp-content\/uploads\/sites\/13\/2026\/07\/Mammografie.jpg","contentUrl":"https:\/\/www.mymsd.ch\/de\/wp-content\/uploads\/sites\/13\/2026\/07\/Mammografie.jpg","width":2000,"height":1125,"caption":"Mammographie zur Brustkrebsfr\u00fcherkennung: \u00c4rztin analysiert die Mammographieaufnahmen auf dem Monitor, w\u00e4hrend die Patientin untersucht wird."},{"@type":"BreadcrumbList","@id":"https:\/\/www.mymsd.ch\/de\/news\/mammografie-screening-im-kanton-luzern-was-arztinnen-jetzt-wissen-sollten\/#breadcrumb","itemListElement":[{"@type":"ListItem","position":1,"name":"Home","item":"https:\/\/www.mymsd.ch\/de\/"},{"@type":"ListItem","position":2,"name":"Mammografie-Screening im Kanton Luzern: Was \u00c4rzt:innen jetzt wissen sollten"}]},{"@type":"WebSite","@id":"https:\/\/www.mymsd.ch\/de\/#website","url":"https:\/\/www.mymsd.ch\/de\/","name":"MyMSD.ch DE","description":"","publisher":{"@id":"https:\/\/www.mymsd.ch\/de\/#organization"},"potentialAction":[{"@type":"SearchAction","target":{"@type":"EntryPoint","urlTemplate":"https:\/\/www.mymsd.ch\/de\/?s={search_term_string}"},"query-input":{"@type":"PropertyValueSpecification","valueRequired":true,"valueName":"search_term_string"}}],"inLanguage":"de-CH"},{"@type":"Organization","@id":"https:\/\/www.mymsd.ch\/de\/#organization","name":"MSD Switzerland","url":"https:\/\/www.mymsd.ch\/de\/","logo":{"@type":"ImageObject","inLanguage":"de-CH","@id":"https:\/\/www.mymsd.ch\/de\/#\/schema\/logo\/image\/","url":"https:\/\/www.mymsd.ch\/de\/wp-content\/uploads\/sites\/13\/2022\/03\/02852_MSD_Logo_W-Anthem_Vertical_TealGrey_RGB.png","contentUrl":"https:\/\/www.mymsd.ch\/de\/wp-content\/uploads\/sites\/13\/2022\/03\/02852_MSD_Logo_W-Anthem_Vertical_TealGrey_RGB.png","width":2186,"height":2134,"caption":"MSD Switzerland"},"image":{"@id":"https:\/\/www.mymsd.ch\/de\/#\/schema\/logo\/image\/"}},{"@type":"Person","@id":"https:\/\/www.mymsd.ch\/de\/#\/schema\/person\/5582d9c89a597dff94818e6008b86ab7","name":"MDM","image":{"@type":"ImageObject","inLanguage":"de-CH","@id":"https:\/\/secure.gravatar.com\/avatar\/44e333b8caf35634006075d37ca161c6c10595fef18dfb504ce1f84b93d105fe?s=96&d=mm&r=g","url":"https:\/\/secure.gravatar.com\/avatar\/44e333b8caf35634006075d37ca161c6c10595fef18dfb504ce1f84b93d105fe?s=96&d=mm&r=g","contentUrl":"https:\/\/secure.gravatar.com\/avatar\/44e333b8caf35634006075d37ca161c6c10595fef18dfb504ce1f84b93d105fe?s=96&d=mm&r=g","caption":"MDM"},"url":"https:\/\/www.mymsd.ch\/de\/author\/mdalmolin1\/"}]}},"_links":{"self":[{"href":"https:\/\/www.mymsd.ch\/de\/wp-json\/wp\/v2\/posts\/131520","targetHints":{"allow":["GET"]}}],"collection":[{"href":"https:\/\/www.mymsd.ch\/de\/wp-json\/wp\/v2\/posts"}],"about":[{"href":"https:\/\/www.mymsd.ch\/de\/wp-json\/wp\/v2\/types\/post"}],"author":[{"embeddable":true,"href":"https:\/\/www.mymsd.ch\/de\/wp-json\/wp\/v2\/users\/202221"}],"replies":[{"embeddable":true,"href":"https:\/\/www.mymsd.ch\/de\/wp-json\/wp\/v2\/comments?post=131520"}],"version-history":[{"count":38,"href":"https:\/\/www.mymsd.ch\/de\/wp-json\/wp\/v2\/posts\/131520\/revisions"}],"predecessor-version":[{"id":131711,"href":"https:\/\/www.mymsd.ch\/de\/wp-json\/wp\/v2\/posts\/131520\/revisions\/131711"}],"wp:featuredmedia":[{"embeddable":true,"href":"https:\/\/www.mymsd.ch\/de\/wp-json\/wp\/v2\/media\/131521"}],"wp:attachment":[{"href":"https:\/\/www.mymsd.ch\/de\/wp-json\/wp\/v2\/media?parent=131520"}],"wp:term":[{"taxonomy":"category","embeddable":true,"href":"https:\/\/www.mymsd.ch\/de\/wp-json\/wp\/v2\/categories?post=131520"},{"taxonomy":"post_tag","embeddable":true,"href":"https:\/\/www.mymsd.ch\/de\/wp-json\/wp\/v2\/tags?post=131520"},{"taxonomy":"ga4_page_audience","embeddable":true,"href":"https:\/\/www.mymsd.ch\/de\/wp-json\/wp\/v2\/ga4_page_audience?post=131520"},{"taxonomy":"ga4_page_birn_id","embeddable":true,"href":"https:\/\/www.mymsd.ch\/de\/wp-json\/wp\/v2\/ga4_page_birn_id?post=131520"},{"taxonomy":"ga4_page_branding","embeddable":true,"href":"https:\/\/www.mymsd.ch\/de\/wp-json\/wp\/v2\/ga4_page_branding?post=131520"},{"taxonomy":"ga4_page_businessunit","embeddable":true,"href":"https:\/\/www.mymsd.ch\/de\/wp-json\/wp\/v2\/ga4_page_businessunit?post=131520"},{"taxonomy":"ga4_page_campaign","embeddable":true,"href":"https:\/\/www.mymsd.ch\/de\/wp-json\/wp\/v2\/ga4_page_campaign?post=131520"},{"taxonomy":"ga4_page_content_purpose","embeddable":true,"href":"https:\/\/www.mymsd.ch\/de\/wp-json\/wp\/v2\/ga4_page_content_purpose?post=131520"},{"taxonomy":"ga4_page_customer_journey_stage","embeddable":true,"href":"https:\/\/www.mymsd.ch\/de\/wp-json\/wp\/v2\/ga4_page_customer_journey_stage?post=131520"},{"taxonomy":"ga4_page_customer_specialty","embeddable":true,"href":"https:\/\/www.mymsd.ch\/de\/wp-json\/wp\/v2\/ga4_page_customer_specialty?post=131520"},{"taxonomy":"ga4_page_experience","embeddable":true,"href":"https:\/\/www.mymsd.ch\/de\/wp-json\/wp\/v2\/ga4_page_experience?post=131520"},{"taxonomy":"ga4_page_indication","embeddable":true,"href":"https:\/\/www.mymsd.ch\/de\/wp-json\/wp\/v2\/ga4_page_indication?post=131520"},{"taxonomy":"ga4_page_material_intent","embeddable":true,"href":"https:\/\/www.mymsd.ch\/de\/wp-json\/wp\/v2\/ga4_page_material_intent?post=131520"},{"taxonomy":"ga4_page_product","embeddable":true,"href":"https:\/\/www.mymsd.ch\/de\/wp-json\/wp\/v2\/ga4_page_product?post=131520"},{"taxonomy":"ga4_page_region","embeddable":true,"href":"https:\/\/www.mymsd.ch\/de\/wp-json\/wp\/v2\/ga4_page_region?post=131520"},{"taxonomy":"ga4_page_therapeuticarea","embeddable":true,"href":"https:\/\/www.mymsd.ch\/de\/wp-json\/wp\/v2\/ga4_page_therapeuticarea?post=131520"},{"taxonomy":"tx-therapeutic-area","embeddable":true,"href":"https:\/\/www.mymsd.ch\/de\/wp-json\/wp\/v2\/tx-therapeutic-area?post=131520"},{"taxonomy":"tx-product","embeddable":true,"href":"https:\/\/www.mymsd.ch\/de\/wp-json\/wp\/v2\/tx-product?post=131520"},{"taxonomy":"tx-pathology","embeddable":true,"href":"https:\/\/www.mymsd.ch\/de\/wp-json\/wp\/v2\/tx-pathology?post=131520"},{"taxonomy":"tx-content-type","embeddable":true,"href":"https:\/\/www.mymsd.ch\/de\/wp-json\/wp\/v2\/tx-content-type?post=131520"},{"taxonomy":"tx-active-ingredient","embeddable":true,"href":"https:\/\/www.mymsd.ch\/de\/wp-json\/wp\/v2\/tx-active-ingredient?post=131520"},{"taxonomy":"access","embeddable":true,"href":"https:\/\/www.mymsd.ch\/de\/wp-json\/wp\/v2\/access?post=131520"},{"taxonomy":"user_status","embeddable":true,"href":"https:\/\/www.mymsd.ch\/de\/wp-json\/wp\/v2\/user_status?post=131520"},{"taxonomy":"user_role","embeddable":true,"href":"https:\/\/www.mymsd.ch\/de\/wp-json\/wp\/v2\/user_role?post=131520"}],"curies":[{"name":"wp","href":"https:\/\/api.w.org\/{rel}","templated":true}]}}